{"id":5807,"date":"2025-02-03T14:32:48","date_gmt":"2025-02-03T13:32:48","guid":{"rendered":"https:\/\/magazine.zhermack.com\/?p=5807"},"modified":"2025-02-03T14:32:51","modified_gmt":"2025-02-03T13:32:51","slug":"orthodontie-pre-chirurgicale-et-orthognathique","status":"publish","type":"post","link":"https:\/\/magazine.zhermack.com\/fr\/etude-fr\/orthodontie-pre-chirurgicale-et-orthognathique\/","title":{"rendered":"Orthodontie pr\u00e9-chirurgicale et chirurgie orthognathique\u00a0: justification, indications et protocoles"},"content":{"rendered":"\n<p>Dans un monde o\u00f9 les soins dentaires sont devenus aussi peu invasifs que possible et o\u00f9 le dentiste essaie de \u00ab&nbsp;toucher&nbsp;\u00bb le moins possible le patient, la chirurgie orthognathique et l\u2019orthodontie pr\u00e9- ou post-chirurgicale peuvent sembler des sujets d\u00e9suets.<\/p>\n\n\n\n<p>Cependant, il existe tout un \u00e9ventail d\u2019indications pour ces traitements lorsque les probl\u00e8mes orthodontiques sont dus \u00e0 des d\u00e9formations squelettiques majeures qui n\u00e9cessitent une chirurgie.<\/p>\n\n\n\n<h2 class=\"wp-block-heading\">Chirurgie maxillaire\u00a0: des origines \u00e0 l\u2019approche moderne<\/h2>\n\n\n\n<p>La chirurgie orthognathique a vu le jour il y a une centaine d\u2019ann\u00e9es, mais il faudra attendre&nbsp;1957 avec l\u2019ost\u00e9otomie sagittale d\u2019Obwegeser pour que la chirurgie moderne aborde les d\u00e9formations squelettiques maxillo-faciales. (1)<\/p>\n\n\n\n<p>L&rsquo;approche consiste \u00e0 r\u00e9tracter ou <strong>\u00e0 avancer la m\u00e2choire inf\u00e9rieure, permettant un bon contr\u00f4le de la position condylienne<\/strong>.<\/p>\n\n\n\n<p>Dans les ann\u00e9es&nbsp;1970, la chirurgie maxillaire se d\u00e9veloppe davantage gr\u00e2ce aux \u00e9tudes de Le&nbsp;Fort. Les lignes d\u2019ost\u00e9otomie les plus favorables \u00e0 la mobilisation chirurgicale du maxillaire sup\u00e9rieur commencent alors \u00e0 \u00eatre th\u00e9oris\u00e9es. (2)<\/p>\n\n\n\n<p>Gr\u00e2ce \u00e0 ces m\u00e9thodes chirurgicales, il est possible de soulever le maxillaire et de permettre l\u2019<strong>autorotation mandibulaire, corrigeant ainsi les b\u00e9ances dentaires et les hyperdivergences squelettiques<\/strong>.<\/p>\n\n\n\n<p>Transversalement, le maxillaire peut \u00eatre segment\u00e9 et \u00e9largi par chirurgie par extension palatine rapide. (3-4)<\/p>\n\n\n\n<h3 class=\"wp-block-heading\">Orthodontie traditionnelle et pr\u00e9-chirurgicale\u00a0: une distinction importante<\/h3>\n\n\n\n<p>Le premier point \u00e0 clarifier est que l\u2019orthodontie traditionnelle et l\u2019orthodontie pr\u00e9-chirurgicale ont souvent des <strong>objectifs totalement divergents. <\/strong>(5)<\/p>\n\n\n\n<p>Le camouflage exclusivement orthodontique repose en effet sur des techniques, des m\u00e9caniques et des choix d\u2019extraction totalement diff\u00e9rents et souvent oppos\u00e9s \u00e0 ceux qui seraient mis en \u0153uvre si le patient avait \u00e9t\u00e9 consid\u00e9r\u00e9 comme un cas orthognathique indiqu\u00e9 pour la chirurgie maxillo-faciale.<\/p>\n\n\n\n<h2 class=\"wp-block-heading\">La justification de la chirurgie orthognathique<\/h2>\n\n\n\n<p>Quelle sont les indications de la chirurgie orthognatique \u00e0 ce jour&nbsp;?<\/p>\n\n\n\n<p>Les aspects <strong>esth\u00e9tiques<\/strong>, <strong>fonctionnels<\/strong>, de <strong>stabilit\u00e9<\/strong> de <strong>dur\u00e9e du traitement<\/strong> font de la chirurgie un traitement \u00e9lectif. (6)<\/p>\n\n\n\n<h3 class=\"wp-block-heading\">Esth\u00e9tique<\/h3>\n\n\n\n<p>La chirurgie orthognatique doit \u00eatre envisag\u00e9e chaque fois qu\u2019un alignement satisfaisant des arcades dentaires entra\u00eene une d\u00e9gradation marqu\u00e9e de l\u2019esth\u00e9tique faciale globale. Par exemple, r\u00e9tracter le groupe frontal maxillaire pour r\u00e9duire l\u2019overjet dans le cas d\u2019une r\u00e9trusion mandibulaire conduit in\u00e9vitablement \u00e0 l\u2019obtention d\u2019un profil bir\u00e9trusif inesth\u00e9tique. (7)<\/p>\n\n\n\n<h3 class=\"wp-block-heading\">Fonction<\/h3>\n\n\n\n<p>Si un probl\u00e8me fonctionnel ne peut \u00eatre r\u00e9solu par un traitement purement orthodontique en raison d\u2019un probl\u00e8me squelettique sous-jacent, l\u2019option chirurgicale doit \u00eatre envisag\u00e9e. Pensez par exemple \u00e0 une occlusion crois\u00e9e unilat\u00e9rale caus\u00e9e par une asym\u00e9trie du squelette mandibulaire.<\/p>\n\n\n\n<h3 class=\"wp-block-heading\">Stabilit\u00e9<\/h3>\n\n\n\n<p>Certains probl\u00e8mes orthodontiques dus au squelette, comme un b\u00e9ance dentaire dans un contexte d\u2019hyperdivergence squelettique, ne peuvent pas \u00eatre r\u00e9solus uniquement par l\u2019orthodontie, qui \u00e0 terme risquerait de ne pas apporter de stabilit\u00e9 \u00e0 la r\u00e9solution de la malocclusion.<\/p>\n\n\n\n<h3 class=\"wp-block-heading\">Dur\u00e9e de traitement<\/h3>\n\n\n\n<p>Dans les cas franchement chirurgicaux, un traitement combin\u00e9 chirurgie-orthodontie est plus rapide que la r\u00e9alisation d\u2019un camouflage exclusivement orthodontique. (5)<\/p>\n\n\n\n<h2 class=\"wp-block-heading\">Objectifs et techniques du traitement orthodontique<\/h2>\n\n\n\n<p>Le traitement orthodontique doit viser \u00e0 pr\u00e9parer les arcades \u00e0 ce qui sera leur d\u00e9placement chirurgical \u00e0 venir une fois qu\u2019elles seront compl\u00e8tement mobilis\u00e9es.<\/p>\n\n\n\n<p>Pour cela, il est plus important de <strong>travailler au niveau de chaque arcade<\/strong> plut\u00f4t que d&rsquo;impliquer les deux arcades en occlusion&nbsp;; la r\u00e9solution compl\u00e8te de l\u2019encombrement, la prise en charge orthodontique de la <em>courbe de Spee <\/em>et de la transversalit\u00e9 sont des \u00e9tapes cl\u00e9s pour une bonne orthodontie pr\u00e9-chirurgicale.<\/p>\n\n\n\n<p>Souvent, lors de l\u2019orthodontie pr\u00e9-chirurgicale, on ne fait que d\u00e9compenser un motif occlusal qui \u00e9tait d\u00e9j\u00e0 compens\u00e9 et qui cachait la gravit\u00e9 r\u00e9elle de la malocclusion au niveau squelettique. Dans les troisi\u00e8mes classes squelettiques, par exemple, on observe souvent des incisives sup\u00e9rieures inclin\u00e9es vers le vestibule et des incisives inf\u00e9rieures inclin\u00e9es vers la langue&nbsp;; ce sc\u00e9nario clinique est une compensation occlusale typique d\u2019une malocclusion squelettique&nbsp;; l\u2019<strong>objectif de l\u2019orthodontie est de d\u00e9compenser totalement ce sch\u00e9ma<\/strong> en vue d\u2019une chirurgie qui sera en mesure de repositionner les bases osseuses.<\/p>\n\n\n\n<p>Dans la planification orthognathique, il est <strong>fondamental de d\u00e9cider \u00e0 l\u2019avance o\u00f9 et comment positionner les dents au niveau ant\u00e9ropost\u00e9rieur, vertical et transversal.<\/strong> En pratique, les incisives repr\u00e9sentent le v\u00e9ritable guide de positionnement ant\u00e9ropost\u00e9rieur pour le chirurgien.<\/p>\n\n\n\n<p>Il est \u00e9galement inutile de perdre un temps pr\u00e9cieux \u00e0 essayer d\u2019obtenir un alignement et une esth\u00e9tique parfaits lors de la phase orthodontique pr\u00e9-chirurgicale. Ce n\u2019est qu\u2019apr\u00e8s l\u2019intervention chirurgicale, lorsque l\u2019occlusion sera corrig\u00e9e, qu\u2019il sera judicieux <strong>de se concentrer sur la finition orthodontique et les d\u00e9tails esth\u00e9tiques finaux.<\/strong> (8)<\/p>\n\n\n\n<h2 class=\"wp-block-heading\">Empreintes, mod\u00e8les et enregistrements pr\u00e9-chirurgicaux<\/h2>\n\n\n\n<p>Une fois l\u2019objectif orthodontique pr\u00e9-chirurgical atteint, les empreintes sont enregistr\u00e9es et les mod\u00e8les d\u2019\u00e9tude sont cr\u00e9\u00e9s.<\/p>\n\n\n\n<p>Un <strong>arc de stabilisation <\/strong>de pleine \u00e9paisseur est laiss\u00e9 en place pendant au moins 3&nbsp;\u00e0&nbsp;4&nbsp;semaines afin de passiver les arcades.<\/p>\n\n\n\n<p>Des <strong>enregistrements pr\u00e9-chirurgicaux<\/strong> sont r\u00e9alis\u00e9s&nbsp;:<\/p>\n\n\n\n<ul class=\"wp-block-list\">\n<li>Orthopanoramique\u00a0;<\/li>\n\n\n\n<li>T\u00e9l\u00e9radiographie lat\u00e9ro-lat\u00e9rale\u00a0;<\/li>\n\n\n\n<li>Mod\u00e8les d\u2019\u00e9tude\u00a0;<\/li>\n\n\n\n<li>Photographies intra- et extra-orales.<\/li>\n<\/ul>\n\n\n\n<p>De plus, une radiographie post\u00e9ro-ant\u00e9rieure du cr\u00e2ne est souvent r\u00e9alis\u00e9e, notamment en cas d\u2019asym\u00e9tries.<\/p>\n\n\n\n<p>Avec ces enregistrements, le chirurgien a la possibilit\u00e9 d\u2019\u00e9tudier l\u2019intervention qu\u2019il devra r\u00e9aliser, de v\u00e9rifier l\u2019harmonie des arcades une fois repositionn\u00e9es, de <strong>d\u00e9cider o\u00f9 r\u00e9aliser les lignes d\u2019ost\u00e9otomie<\/strong>, de choisir comment segmenter le maxillaire et de combien de millim\u00e8tres, par exemple, la m\u00e2choire inf\u00e9rieure sera avanc\u00e9e.<\/p>\n\n\n\n<h2 class=\"wp-block-heading\">Phase post-op\u00e9ratoire et consid\u00e9rations finales<\/h2>\n\n\n\n<p>Apr\u00e8s l\u2019op\u00e9ration, assortie d&rsquo;une phase de fixation \u00e9lastique et d&rsquo;un r\u00e9gime alimentaire liquide, la fonction est progressivement r\u00e9tablie&nbsp;; puis, au bout de 6&nbsp;\u00e0&nbsp;8&nbsp;semaines, le\/la patient(e) est \u00e0 nouveau capable de m\u00e2cher \u00e0 pleine capacit\u00e9.<\/p>\n\n\n\n<p>L\u2019orthodontie post-chirurgicale a pour t\u00e2che d\u2019affiner et de d\u00e9tailler esth\u00e9tiquement le cas et ne devrait pas durer plus de 4&nbsp;\u00e0&nbsp;6&nbsp;mois.<\/p>\n\n\n\n<hr class=\"wp-block-separator has-alpha-channel-opacity\"\/>\n\n\n\n<p><strong>Bibliographie<\/strong><\/p>\n\n\n\n<ol class=\"wp-block-list\">\n<li>Trauner R, Obwegeser H. The surgical correction of mandibular prognathism and retrognathia with consideration of genioplasty. I. Surgical procedures to correct mandibular prognathism and reshaping of the chin. Oral Surg Oral Med Oral Pathol 1957;10:677\u2013689.<\/li>\n\n\n\n<li>LeFort R. Etude experimentale sur les fractures de la machoire superieure. Revue Chirurgicale 1901;23:8.<\/li>\n\n\n\n<li>Bailey LJ, White RP, Proffit WR, Turvey TA. Segmental LeFort I osteotomy for management of transverse maxillary deficiency. J Oral Maxillofac Surg 1997;55:728\u2013731.<\/li>\n\n\n\n<li>Silverstein K, Quinn PD. Surgically assisted rapid palatal expansion for management of transverse maxillary deficiency. J Oral Maxillofac Surg 1997;55:725\u2013727.<\/li>\n\n\n\n<li>Sabri, R. (2006). Orthodontic objectives in orthognathic surgery: state of the art today. World journal of orthodontics, 7(2).<\/li>\n\n\n\n<li>Sinclair PM. Orthodontic considerations in adult surgical orthodontic cases. Dent Clin North Am 1988;32:509\u2013528.<\/li>\n\n\n\n<li>Ackerman JL, Proffit WR. Soft tissue limitations in orthodontics: Treatment planning guidelines. Angle Orthod 1997;67:327\u2013336.<\/li>\n\n\n\n<li>Woods MG, Wiesenfeld D. A practical approach to presurgical orthodontic preparation. J Clin Orthod 1998;32:350\u2013358.<\/li>\n<\/ol>\n","protected":false},"excerpt":{"rendered":"<p>Dans un monde o\u00f9 les soins dentaires sont devenus aussi peu invasifs que possible et o\u00f9 le dentiste essaie de \u00ab&nbsp;toucher&nbsp;\u00bb le moins possible le patient, la chirurgie orthognathique et l\u2019orthodontie pr\u00e9- ou post-chirurgicale peuvent sembler des sujets d\u00e9suets. Cependant, il existe tout un \u00e9ventail d\u2019indications pour ces traitements lorsque les probl\u00e8mes orthodontiques sont dus [&hellip;]<\/p>\n","protected":false},"author":1,"featured_media":5722,"comment_status":"closed","ping_status":"closed","sticky":false,"template":"","format":"standard","meta":{"_acf_changed":false,"rs_blank_template":"","rs_page_bg_color":"","slide_template_v7":"","footnotes":""},"categories":[52],"tags":[],"class_list":["post-5807","post","type-post","status-publish","format-standard","has-post-thumbnail","hentry","category-etude-fr"],"acf":[],"aioseo_notices":[],"_links":{"self":[{"href":"https:\/\/magazine.zhermack.com\/fr\/wp-json\/wp\/v2\/posts\/5807","targetHints":{"allow":["GET"]}}],"collection":[{"href":"https:\/\/magazine.zhermack.com\/fr\/wp-json\/wp\/v2\/posts"}],"about":[{"href":"https:\/\/magazine.zhermack.com\/fr\/wp-json\/wp\/v2\/types\/post"}],"author":[{"embeddable":true,"href":"https:\/\/magazine.zhermack.com\/fr\/wp-json\/wp\/v2\/users\/1"}],"replies":[{"embeddable":true,"href":"https:\/\/magazine.zhermack.com\/fr\/wp-json\/wp\/v2\/comments?post=5807"}],"version-history":[{"count":2,"href":"https:\/\/magazine.zhermack.com\/fr\/wp-json\/wp\/v2\/posts\/5807\/revisions"}],"predecessor-version":[{"id":5809,"href":"https:\/\/magazine.zhermack.com\/fr\/wp-json\/wp\/v2\/posts\/5807\/revisions\/5809"}],"wp:featuredmedia":[{"embeddable":true,"href":"https:\/\/magazine.zhermack.com\/fr\/wp-json\/wp\/v2\/media\/5722"}],"wp:attachment":[{"href":"https:\/\/magazine.zhermack.com\/fr\/wp-json\/wp\/v2\/media?parent=5807"}],"wp:term":[{"taxonomy":"category","embeddable":true,"href":"https:\/\/magazine.zhermack.com\/fr\/wp-json\/wp\/v2\/categories?post=5807"},{"taxonomy":"post_tag","embeddable":true,"href":"https:\/\/magazine.zhermack.com\/fr\/wp-json\/wp\/v2\/tags?post=5807"}],"curies":[{"name":"wp","href":"https:\/\/api.w.org\/{rel}","templated":true}]}}